{"id":99422,"__str__":"Presta\u00e7\u00e3o de Contas n\u00ba 1 de 2025 | Finaliza\u00e7\u00e3o da Tramita\u00e7\u00e3o nas Comiss\u00f5es | 18/06/2025","link_detail_backend":"/materia/tramitacao/99422","metadata":{},"timestamp":"2025-07-01T17:11:55.637939-03:00","data_tramitacao":"2025-06-18","data_encaminhamento":null,"urgente":false,"turno":"","texto":"Despacho do Presidente da Comiss\u00e3o de Finan\u00e7as encaminha \u00e0 Mesa Diretora para inclus\u00e3o na Ordem do Dia o Projeto de Decreto\r\nLegislativo n.\u00b0 1/2025. Plen\u00e1rio Vereador Geraldo Melga\u00e7o de Abreu, 18 de junho de 2025. Vereador Paulo Arara.","data_fim_prazo":null,"ip":"189.20.88.21","ultima_edicao":"2025-07-01T17:11:31.892554-03:00","status":36,"materia":18213,"unidade_tramitacao_local":5,"unidade_tramitacao_destino":10,"user":53}