{"id":90945,"__str__":"Projeto de Lei Complementar n\u00ba 2 de 2021 | Aprovado em Plen\u00e1rio | 27/12/2023","link_detail_backend":"/materia/tramitacao/90945","metadata":{},"timestamp":"2024-01-08T17:08:42.009452-03:00","data_tramitacao":"2023-12-27","data_encaminhamento":"2023-12-27","urgente":false,"turno":"U","texto":"Aprovada a Mensagem n.\u00ba 4112023, de veto total ao Projeto de Lei Complementar n.\u00ba2/2021, em turno \u00fanico, no dia 27/12/2023, por cinco votos \r\n favor\u00e1veis, sete votos contr\u00e1rios, duas absten\u00e7\u00f5es, uma aus\u00eancia. (Obs. foi realizada uma segunda vota\u00e7\u00e3o, considerando questionamento de vereador que tinha c\u00e9dulas marcadas)","data_fim_prazo":null,"ip":"138.121.226.226","ultima_edicao":"2024-01-08T17:14:25.482076-03:00","status":13,"materia":13801,"unidade_tramitacao_local":9,"unidade_tramitacao_destino":9,"user":64}