{"id":90579,"__str__":"Representa\u00e7\u00e3o n\u00ba 1 de 2023 | Em Tramita\u00e7\u00e3o | 14/12/2023","link_detail_backend":"/materia/tramitacao/90579","metadata":{},"timestamp":"2023-12-15T13:15:32.470575-03:00","data_tramitacao":"2023-12-14","data_encaminhamento":"2023-12-14","urgente":false,"turno":"","texto":"Of\u00edcio n.\u00ba 728/GSC, de 14 de dezembro de 2023, informa ao Senhor Cleum\u00e1rio da Silva Neiva da interposi\u00e7\u00e3o de recurso ao Plen\u00e1rio contra a decis\u00e3o proferida pela Comiss\u00e3o de \u00c9tica e Decoro Parlamentar no \u00e2mbito da Representa\u00e7\u00e3o n.\u00ba 1/2023 e abre prazo de 2 (dois) dias para apresenta\u00e7\u00e3o de contra-raz\u00f5es recursais, sendo recebido na mesma data. (ver Documento Acess\u00f3rio)","data_fim_prazo":null,"ip":"138.121.226.226","ultima_edicao":"2023-12-15T13:22:25.858030-03:00","status":14,"materia":16425,"unidade_tramitacao_local":14,"unidade_tramitacao_destino":78,"user":88}