{"id":89118,"__str__":"Representa\u00e7\u00e3o n\u00ba 1 de 2023 | Em Tramita\u00e7\u00e3o | 17/10/2023","link_detail_backend":"/materia/tramitacao/89118","metadata":{},"timestamp":"2023-10-23T09:11:54.005805-03:00","data_tramitacao":"2023-10-17","data_encaminhamento":null,"urgente":false,"turno":"","texto":"Procura\u00e7\u00e3o da servidora \u00c9dina Aparecida Marques Ferreira, nomeia o advogado F\u00e1bio Pereira de Sousa para represent\u00e1-la junta \u00e0 Comiss\u00e3o de \u00c9tica e Decoro Parlamentar (ver Documento Acess\u00f3rio).","data_fim_prazo":null,"ip":"200.216.223.134","ultima_edicao":"2023-10-23T09:06:39.756934-03:00","status":14,"materia":16425,"unidade_tramitacao_local":4,"unidade_tramitacao_destino":4,"user":64}