{"id":78318,"__str__":"Requerimento n\u00ba 258 de 2022 | Em Tramita\u00e7\u00e3o | 17/08/2022","link_detail_backend":"/materia/tramitacao/78318","metadata":{},"timestamp":"2022-08-23T17:39:29.157367-03:00","data_tramitacao":"2022-08-17","data_encaminhamento":"2022-08-17","urgente":false,"turno":"","texto":"Of\u00edcio n.\u00ba 5/CPI, de 17/6/2022, encaminhado ao Presidente Vereador Valdimix Silva, solicitando que seja oficiado o Prefeito Jos\u00e9 Gomes Branquinho, no sentido de cientific\u00e1-lo que a data da 4\u00aa Reuni\u00e3o desta Comiss\u00e3o Parlamentar de Inqu\u00e9rito \u2013 CPI \u2013, constitu\u00edda pela Portaria n.\u00ba 4.766, de 10 de maio de 2022, que \u201cconstitui Comiss\u00e3o Parlamentar de Inqu\u00e9rito para apurar poss\u00edveis irregularidades na oferta/aus\u00eancia/ inefici\u00eancia do transporte escolar municipal\u201d, que seria realizada no dia 18 de agosto de 2022, \u00e0s 14h30min, no Plen\u00e1rio Vereador Geraldo Melga\u00e7o, para discuss\u00e3o e vota\u00e7\u00e3o do relat\u00f3rio final, foi adiada para o dia 25 de agosto de 2022, mantendo-se mesmo hor\u00e1rio e local, recebido nesta mesma data. (ver Documento Acess\u00f3rio).","data_fim_prazo":null,"ip":"200.216.223.132","ultima_edicao":"2022-08-23T17:37:12.774937-03:00","status":14,"materia":14817,"unidade_tramitacao_local":14,"unidade_tramitacao_destino":14,"user":72}