{"id":77972,"__str__":"Projeto de Lei Ordin\u00e1ria n\u00ba 103 de 2022 | Em Dilig\u00eancia | 15/08/2022","link_detail_backend":"/materia/tramitacao/77972","metadata":{},"timestamp":"2022-08-16T14:22:55.697917-03:00","data_tramitacao":"2022-08-15","data_encaminhamento":"2022-08-16","urgente":false,"turno":"","texto":"O Vereador Paulo C\u00e9sar Rodrigues, por ocasi\u00e3o da 25\u00aa Reuni\u00e3o Ordin\u00e1ria da Comiss\u00e3o de Constitui\u00e7\u00e3o, Legisla\u00e7\u00e3o, Justi\u00e7a, Reda\u00e7\u00e3o e Direitos Humanos, realizada em 15/8/2022, requereu verbalmente a convers\u00e3o em dilig\u00eancia do Projeto de Lei n.\u00ba 103/2022, no sentido de oficiar ao Prefeito Jos\u00e9 Gomes Branquinho solicitando informa\u00e7\u00f5es para instru\u00e7\u00e3o da mat\u00e9ria, conforme registrado em ata (ver Documento Acess\u00f3rio).","data_fim_prazo":null,"ip":"200.216.223.132","ultima_edicao":"2022-08-16T14:16:31.428508-03:00","status":29,"materia":15082,"unidade_tramitacao_local":2,"unidade_tramitacao_destino":2,"user":72}