{"id":75669,"__str__":"Requerimento n\u00ba 808 de 2021 | Finaliza\u00e7\u00e3o do Processo | 25/10/2021","link_detail_backend":"/materia/tramitacao/75669","metadata":{},"timestamp":"2022-05-19T15:13:50.089524-03:00","data_tramitacao":"2021-10-25","data_encaminhamento":null,"urgente":false,"turno":"","texto":"Manifesta\u00e7\u00e3o de pesar inserida em ata na reuni\u00e3o plen\u00e1ria do dia 25/10/2021.","data_fim_prazo":null,"ip":"200.216.223.132","ultima_edicao":"2022-06-24T15:50:00.931946-03:00","status":16,"materia":14146,"unidade_tramitacao_local":14,"unidade_tramitacao_destino":13,"user":64}