{"id":17463,"__str__":"Requerimento n\u00ba 334 de 2013 | Finaliza\u00e7\u00e3o do Processo | 25/02/2013","link_detail_backend":"/materia/tramitacao/17463","metadata":{},"timestamp":"2018-10-11T12:45:00.319269-03:00","data_tramitacao":"2013-02-25","data_encaminhamento":"2013-02-25","urgente":false,"turno":"","texto":"Manifesta\u00e7\u00e3o de pesar inserida em ata na reuni\u00e3o Plen\u00e1ria do dia 25/2/2013.","data_fim_prazo":null,"ip":"","ultima_edicao":null,"status":16,"materia":3946,"unidade_tramitacao_local":14,"unidade_tramitacao_destino":13,"user":null}