{"id":7398,"__str__":"Mo\u00e7\u00e3o de Congratula\u00e7\u00e3o n\u00ba 100 de 2015","link_detail_backend":"/materia/7398","metadata":{},"numero":100,"ano":2015,"numero_protocolo":2431,"data_apresentacao":"2015-08-03","tipo_apresentacao":"E","data_publicacao":"2015-08-03","numero_origem_externa":"","ano_origem_externa":null,"data_origem_externa":null,"apelido":"","dias_prazo":null,"data_fim_prazo":null,"em_tramitacao":false,"polemica":null,"objeto":"","complementar":null,"ementa":"SUGERE MO\u00c7\u00c3O DE CONGRATULA\u00c7\u00c3O COM O SENHOR EDMAN DE AREDA VASCONCELOS PELOS RELEVANTES SERVI\u00c7OS PRESTADOS AO NOSSO MUNIC\u00cdPIO, NA QUALIDADE DE S\u00d3CIO E GERENTE DA FEDERAL MOTOS DESDE 31 DE AGOSTO DE 2011. \r\n","indexacao":"","observacao":"","resultado":"","texto_original":"http://sapl.unai.mg.leg.br/media/sapl/public/materialegislativa/2015/7398/7398_texto_integral.pdf","data_ultima_atualizacao":"2018-10-11T12:47:29.605123-03:00","ip":"","ultima_edicao":null,"tipo":15,"regime_tramitacao":1,"tipo_origem_externa":null,"local_origem_externa":null,"user":null,"anexadas":[],"autores":[80]}