{"id":6374,"__str__":"Requerimento n\u00ba 171 de 2015","link_detail_backend":"/materia/6374","metadata":{},"numero":171,"ano":2015,"numero_protocolo":270,"data_apresentacao":"2015-02-18","tipo_apresentacao":"E","data_publicacao":"2015-02-18","numero_origem_externa":"","ano_origem_externa":null,"data_origem_externa":null,"apelido":"","dias_prazo":null,"data_fim_prazo":null,"em_tramitacao":false,"polemica":null,"objeto":"","complementar":null,"ementa":"REQUER SEJA SOLICITADO AO EXCELENT\u00cdSSIMO PREFEITO DO MUNIC\u00cdPIO DE UNA\u00cd, SENHOR DELVITO ALVES DA SILVA FILHO, JUNTO \u00c0 SECRETARIA MUNICIPAL COMPETENTE, PROVID\u00caNCIA NO SENTIDO DE DETERMINAR A CONSTRU\u00c7\u00c3O DE UMA PRA\u00c7A EQUIPADA COM APARELHOS DE DIVERS\u00c3O PARA CRIAN\u00c7AS E A INSTALA\u00c7\u00c3O DE UMA ACADEMIA POPULAR AO AR LIVRE, NO BAIRRO I\u00daNA.","indexacao":"","observacao":"","resultado":"","texto_original":"http://sapl.unai.mg.leg.br/media/sapl/public/materialegislativa/2015/6374/6374_texto_integral.pdf","data_ultima_atualizacao":"2018-10-11T12:47:31.842862-03:00","ip":"","ultima_edicao":null,"tipo":11,"regime_tramitacao":1,"tipo_origem_externa":null,"local_origem_externa":null,"user":null,"anexadas":[],"autores":[74]}