{"id":2130,"__str__":"Requerimento n\u00ba 155 de 2010","link_detail_backend":"/materia/2130","metadata":{},"numero":155,"ano":2010,"numero_protocolo":null,"data_apresentacao":"2010-03-25","tipo_apresentacao":"E","data_publicacao":"2010-03-25","numero_origem_externa":"","ano_origem_externa":null,"data_origem_externa":null,"apelido":"","dias_prazo":null,"data_fim_prazo":null,"em_tramitacao":false,"polemica":null,"objeto":"","complementar":null,"ementa":"REQUER SEJA SOLICITADO AO DIRETOR-PRESIDENTE DO INSTITUTO DE PREVID\u00caNCIA DOS SERVIDORES P\u00daBLICOS MUNICIPAIS DE UNA\u00cd - UNAPREV -, SENHOR FRANCISCO PEREIRA DA SILVA, PARA QUE INTERCEDA, JUNTO \u00c0 SECRETARIA COMPETENTE, NO SENTIDO DE DETERMINAR A CONFEC\u00c7\u00c3O DE PLACAS MET\u00c1LICAS, ESCRITAS EM BRAILLE, A SEREM AFIXADAS NAS ENTRADAS DA SEDE DO UNAPREV, INCLUSIVE DE SUAS REPARTI\u00c7\u00d5ES, CONTENDO INFORMA\u00c7\u00d5ES ACERCA DA DENOMINA\u00c7\u00c3O DE CADA UNIDADE EM LOCAIS ACESS\u00cdVEIS AO TOQUE DO CIDAD\u00c3O COM DEFICI\u00caNCIA VISUAL.","indexacao":"","observacao":"","resultado":"","texto_original":"http://sapl.unai.mg.leg.br/media/sapl/public/materialegislativa/2010/2130/2130_texto_integral.pdf","data_ultima_atualizacao":"2018-10-11T12:47:32.933188-03:00","ip":"","ultima_edicao":null,"tipo":11,"regime_tramitacao":1,"tipo_origem_externa":null,"local_origem_externa":null,"user":null,"anexadas":[],"autores":[10]}