{"id":18370,"__str__":"Requerimento n\u00ba 630 de 2025","link_detail_backend":"/materia/18370","metadata":{},"numero":630,"ano":2025,"numero_protocolo":null,"data_apresentacao":"2025-06-25","tipo_apresentacao":"E","data_publicacao":"2025-06-25","numero_origem_externa":"","ano_origem_externa":null,"data_origem_externa":null,"apelido":"","dias_prazo":null,"data_fim_prazo":null,"em_tramitacao":true,"polemica":false,"objeto":"","complementar":false,"ementa":"REQUER SOLICITA A EXCELENT\u00cdSSIMA PRESIDENTE DA C\u00c2MARA MUNICIPAL DE UNA\u00cd A CONVOCA\u00c7\u00c3O DE REUNI\u00c3O SOLENE PARA HOMENAGEAR OS POLICIAIS MILITARES QUE ATUARAM E QUE ATUAM NO MUNIC\u00cdPIO DE UNA\u00cd, EM COMEMORA\u00c7\u00c3O AOS 250 ANOS DA POL\u00cdCIA MILITAR DO ESTADO DE MINAS GERAIS.","indexacao":"","observacao":"","resultado":"","texto_original":"http://sapl.unai.mg.leg.br/media/sapl/public/materialegislativa/2025/18370/630_2025_40e.4d6_-_requerimento_de_reuniao_solene.pdf","data_ultima_atualizacao":"2025-07-02T12:54:15.220395-03:00","ip":"189.20.88.21","ultima_edicao":"2025-06-26T16:59:30.498206-03:00","tipo":11,"regime_tramitacao":1,"tipo_origem_externa":null,"local_origem_externa":null,"user":64,"anexadas":[],"autores":[199,77,202,204,205,142,200]}