{"id":18306,"__str__":"Requerimento n\u00ba 584 de 2025","link_detail_backend":"/materia/18306","metadata":{},"numero":584,"ano":2025,"numero_protocolo":null,"data_apresentacao":"2025-06-06","tipo_apresentacao":"E","data_publicacao":"2025-06-06","numero_origem_externa":"","ano_origem_externa":null,"data_origem_externa":null,"apelido":"","dias_prazo":null,"data_fim_prazo":null,"em_tramitacao":false,"polemica":false,"objeto":"","complementar":false,"ementa":"REQUER A INSER\u00c7\u00c3O EM ATA DE MANIFESTA\u00c7\u00c3O DE PESAR AOS FAMILIARES DA SENHORA ALCEDINA FERREIRA ALVES PELO SEU LAMENT\u00c1VEL FALECIMENTO, OCORRIDO NO DIA 3 DE JUNHO DE 2025.","indexacao":"","observacao":"","resultado":"","texto_original":"http://sapl.unai.mg.leg.br/media/sapl/public/materialegislativa/2025/18306/584_2025_3fa.999_-_requerimento_-_manifestacao_de_pesar.pdf","data_ultima_atualizacao":"2025-06-10T13:16:17.297833-03:00","ip":"138.121.226.226","ultima_edicao":"2025-06-10T13:08:45.681997-03:00","tipo":11,"regime_tramitacao":1,"tipo_origem_externa":null,"local_origem_externa":null,"user":64,"anexadas":[],"autores":[142]}