{"id":18069,"__str__":"Mo\u00e7\u00e3o de Congratula\u00e7\u00e3o n\u00ba 21 de 2025","link_detail_backend":"/materia/18069","metadata":{},"numero":21,"ano":2025,"numero_protocolo":null,"data_apresentacao":"2025-03-27","tipo_apresentacao":"E","data_publicacao":"2025-03-27","numero_origem_externa":"","ano_origem_externa":null,"data_origem_externa":null,"apelido":"","dias_prazo":null,"data_fim_prazo":null,"em_tramitacao":true,"polemica":false,"objeto":"","complementar":false,"ementa":"SUGERE MO\u00c7\u00c3O DE CONGRATULA\u00c7\u00c3O AO DEPUTADO FEDERAL NIKOLAS FERREIRA DE OLIVEIRA, EM RAZ\u00c3O DOS RELEVANTES SERVI\u00c7OS PRESTADOS NA REPRESENTA\u00c7\u00c3O POL\u00cdTICA E NO DESENVOLVIMENTO DO MUNIC\u00cdPIO DE UNA\u00cd E NOROESTE MINEIRO, DESDE 2022.","indexacao":"","observacao":"","resultado":"","texto_original":"http://sapl.unai.mg.leg.br/media/sapl/public/materialegislativa/2025/18069/21_2025_355.5d7_-_mocao_texto_original.pdf","data_ultima_atualizacao":"2025-04-08T13:01:55.983948-03:00","ip":"138.121.226.226","ultima_edicao":"2025-03-28T14:33:35.976526-03:00","tipo":15,"regime_tramitacao":1,"tipo_origem_externa":null,"local_origem_externa":null,"user":91,"anexadas":[],"autores":[199,204]}