{"id":17998,"__str__":"Requerimento n\u00ba 350 de 2025","link_detail_backend":"/materia/17998","metadata":{},"numero":350,"ano":2025,"numero_protocolo":null,"data_apresentacao":"2025-03-13","tipo_apresentacao":"E","data_publicacao":"2025-03-13","numero_origem_externa":"","ano_origem_externa":null,"data_origem_externa":null,"apelido":"","dias_prazo":null,"data_fim_prazo":null,"em_tramitacao":true,"polemica":false,"objeto":"","complementar":false,"ementa":"REQUER SEJA SOLICITADO \u00c0 EXCELENT\u00cdSSIMA PRESIDENTE DA C\u00c2MARA MUNICIPAL, A VEREADORA DORINHA MELGA\u00c7O, A CONVOCA\u00c7\u00c3O DE UMA REUNI\u00c3O SOLENE EM HOMENAGEM AO 61\u00ba ANIVERS\u00c1RIO DA ESCOLA ESTADUAL TE\u00d3FILO MARTINS FERREIRA, EM DATA E HOR\u00c1RIO A SEREM AGENDADOS JUNTO \u00c0 PRESID\u00caNCIA.","indexacao":"","observacao":"","resultado":"","texto_original":"http://sapl.unai.mg.leg.br/media/sapl/public/materialegislativa/2025/17998/350_2025_31b.0a8_-_requerimento_de_providencias.pdf","data_ultima_atualizacao":"2025-03-18T17:01:59.433965-03:00","ip":"181.232.179.209","ultima_edicao":"2025-03-13T22:44:03.224350-03:00","tipo":11,"regime_tramitacao":1,"tipo_origem_externa":null,"local_origem_externa":null,"user":64,"anexadas":[],"autores":[203]}