{"id":17041,"__str__":"Requerimento n\u00ba 76 de 2024","link_detail_backend":"/materia/17041","metadata":{},"numero":76,"ano":2024,"numero_protocolo":null,"data_apresentacao":"2024-03-08","tipo_apresentacao":"E","data_publicacao":"2024-03-08","numero_origem_externa":"","ano_origem_externa":null,"data_origem_externa":null,"apelido":"","dias_prazo":null,"data_fim_prazo":null,"em_tramitacao":false,"polemica":false,"objeto":"","complementar":false,"ementa":"REQUER A INSER\u00c7\u00c3O EM ATA DE MANIFESTA\u00c7\u00c3O DE PESAR AOS FAMILIARES DA SENHORA L\u00c1ZARA VICENTINA DE ARA\u00daJO, PELO SEU LAMENT\u00c1VEL FALECIMENTO, OCORRIDO NO DIA 28 DE FEVEREIRO DE 2024.","indexacao":"","observacao":"","resultado":"","texto_original":null,"data_ultima_atualizacao":"2024-03-12T17:01:54.169796-03:00","ip":"189.20.88.21","ultima_edicao":"2024-03-08T16:28:00.448829-03:00","tipo":11,"regime_tramitacao":1,"tipo_origem_externa":null,"local_origem_externa":null,"user":91,"anexadas":[],"autores":[82]}