{"id":16378,"__str__":"Requerimento n\u00ba 482 de 2023","link_detail_backend":"/materia/16378","metadata":{},"numero":482,"ano":2023,"numero_protocolo":null,"data_apresentacao":"2023-08-07","tipo_apresentacao":"E","data_publicacao":"2023-08-07","numero_origem_externa":"","ano_origem_externa":null,"data_origem_externa":null,"apelido":"","dias_prazo":null,"data_fim_prazo":null,"em_tramitacao":false,"polemica":false,"objeto":"","complementar":false,"ementa":"REQUER SEJA SOLICITADO AO EXCELENT\u00cdSSIMO PREFEITO DO MUNIC\u00cdPIO DE UNA\u00cd, SENHOR JOS\u00c9 GOMES BRANQUINHO, JUNTO \u00c0 SECRETARIA MUNICIPAL COMPETENTE, INFORMAR SOBRE O FUNCIONAMENTO DAS CRECHES E ESCOLAS P\u00daBLICAS DA NOSSA CIDADE:\r\nI- QUAIS CRECHES E ESCOLAS DO NOSSO MUNIC\u00cdPIO OFERECEM PER\u00cdODO INTEGRAL PARA SEUS ALUNOS?\r\nII- A CRECHE DO MAMOEIRO QUE INICIAR\u00c1 COM SEU ATENDIMENTO A PARTIR DO SEGUNDO SEMESTRE DESTE ANO, IR\u00c1 OFERECER VAGAS PARA O PER\u00cdODO INTEGRAL?\r\nIII- O QUE PODE SER FEITO PELA ADMINISTRA\u00c7\u00c3O DA NOSSA CIDADE PARA AUXILIAR OU ORIENTAR AS FAM\u00cdLIAS CARENTES DO NOSSO MUNIC\u00cdPIO, QUE PRECISAM DE CRECHES E ESCOLAS EM PER\u00cdODO INTEGRAL E AINDA N\u00c3O FORAM CONTEMPLADOS POR ESSE PROGRAMA?","indexacao":"","observacao":"","resultado":"","texto_original":"http://sapl.unai.mg.leg.br/media/sapl/public/materialegislativa/2023/16378/2163_-_vrnh_e_vrp.pdf","data_ultima_atualizacao":"2024-06-25T17:39:55.765630-03:00","ip":"200.216.223.132","ultima_edicao":"2023-08-08T13:23:07.855758-03:00","tipo":11,"regime_tramitacao":1,"tipo_origem_externa":null,"local_origem_externa":null,"user":91,"anexadas":[],"autores":[165,166]}