{"id":16306,"__str__":"Requerimento n\u00ba 436 de 2023","link_detail_backend":"/materia/16306","metadata":{},"numero":436,"ano":2023,"numero_protocolo":null,"data_apresentacao":"2023-06-19","tipo_apresentacao":"E","data_publicacao":"2023-06-19","numero_origem_externa":"","ano_origem_externa":null,"data_origem_externa":null,"apelido":"","dias_prazo":null,"data_fim_prazo":null,"em_tramitacao":true,"polemica":false,"objeto":"","complementar":false,"ementa":"REQUER SEJA SOLICITADO AO EXCELENT\u00cdSSIMO PRESIDENTE DESTA CASA DE LEIS, PROVID\u00caNCIA NO SENTIDO DE DETERMINAR A CONVOCA\u00c7\u00c3O DE UMA AUDI\u00caNCIA P\u00daBLICA, A SER REALIZADA NO DIA 08 DE AGOSTO DO CORRENTE ANO, \u00c0S 19 HORAS, PARA DISCUTIR SOBRE A PERMAN\u00caNCIA, MANUTEN\u00c7\u00c3O E SERVI\u00c7OS OFERECIDOS PELA UNIVERSIDADE ESTADUAL DE MONTES CLAROS \u2013 UNIMONTES EM NOSSA CIDADE, CONVIDANDO AUTORIDADES COMPETENTES.","indexacao":"","observacao":"","resultado":"","texto_original":"http://sapl.unai.mg.leg.br/media/sapl/public/materialegislativa/2023/16306/2108_-_vrp.pdf","data_ultima_atualizacao":"2023-08-08T12:39:18.594680-03:00","ip":"200.216.223.132","ultima_edicao":"2023-06-20T13:31:05.488242-03:00","tipo":11,"regime_tramitacao":1,"tipo_origem_externa":null,"local_origem_externa":null,"user":91,"anexadas":[],"autores":[165]}