{"id":15998,"__str__":"Requerimento n\u00ba 240 de 2023","link_detail_backend":"/materia/15998","metadata":{},"numero":240,"ano":2023,"numero_protocolo":null,"data_apresentacao":"2023-04-10","tipo_apresentacao":"E","data_publicacao":"2023-04-10","numero_origem_externa":"","ano_origem_externa":null,"data_origem_externa":null,"apelido":"","dias_prazo":null,"data_fim_prazo":null,"em_tramitacao":false,"polemica":false,"objeto":"","complementar":false,"ementa":"REQUER A  INSER\u00c7\u00c3O EM ATA DE MANIFESTA\u00c7\u00c3O DE PESAR AOS FAMILIARES DO SENHOR JOAQUIM ALCEB\u00cdADES PAULINO PELO SEU LAMENT\u00c1VEL FALECIMENTO, OCORRIDO NO DIA 6 DE ABRIL DE 2023","indexacao":"","observacao":"","resultado":"","texto_original":"http://sapl.unai.mg.leg.br/media/sapl/public/materialegislativa/2023/15998/1067_-_vdg.pdf","data_ultima_atualizacao":"2023-04-11T15:15:33.826336-03:00","ip":"200.216.223.132","ultima_edicao":"2023-04-11T15:06:52.032221-03:00","tipo":11,"regime_tramitacao":1,"tipo_origem_externa":null,"local_origem_externa":null,"user":64,"anexadas":[],"autores":[171]}