{"id":15839,"__str__":"Requerimento n\u00ba 118 de 2023","link_detail_backend":"/materia/15839","metadata":{},"numero":118,"ano":2023,"numero_protocolo":null,"data_apresentacao":"2023-03-02","tipo_apresentacao":"E","data_publicacao":"2023-03-02","numero_origem_externa":"","ano_origem_externa":null,"data_origem_externa":null,"apelido":"","dias_prazo":null,"data_fim_prazo":null,"em_tramitacao":true,"polemica":false,"objeto":"","complementar":false,"ementa":"REQUER SEJA SOLICITADO AO EXCELENT\u00cdSSIMO PRESIDENTE DA C\u00c2MARA MUNICIPAL A CONVOCA\u00c7\u00c3O DE REUNI\u00c3O SOLENE EM COMEMORA\u00c7\u00c3O AO DIA MUNICIPAL DO EVANG\u00c9LICO, PREFERENCIALMENTE NA DATA 30 DE NOVEMBRO DO CORRENTE ANO, COM O FITO DE COMEMORAR A F\u00c9 EVANG\u00c9LICA, BEM COMO RECONHECER A CONTRIBUI\u00c7\u00c3O DOS EVANG\u00c9LICOS PARA O PROCESSO DE DESENVOLVIMENTO SOCIAL E CRIST\u00c3O DOS CIDAD\u00c3OS UNAIENSES.","indexacao":"","observacao":"","resultado":"","texto_original":"http://sapl.unai.mg.leg.br/media/sapl/public/materialegislativa/2023/15839/440_-_vrp_e_outros.pdf","data_ultima_atualizacao":"2023-03-21T13:19:27.646207-03:00","ip":"200.216.223.132","ultima_edicao":"2023-03-07T09:31:00.390442-03:00","tipo":11,"regime_tramitacao":1,"tipo_origem_externa":null,"local_origem_externa":null,"user":64,"anexadas":[],"autores":[165]}