{"id":15356,"__str__":"Requerimento n\u00ba 591 de 2022","link_detail_backend":"/materia/15356","metadata":{},"numero":591,"ano":2022,"numero_protocolo":null,"data_apresentacao":"2022-09-26","tipo_apresentacao":"E","data_publicacao":"2022-09-26","numero_origem_externa":"","ano_origem_externa":null,"data_origem_externa":null,"apelido":"","dias_prazo":null,"data_fim_prazo":null,"em_tramitacao":false,"polemica":false,"objeto":"","complementar":false,"ementa":"REQUER SEJA SOLICITADO AO EXCELENT\u00cdSSIMO PREFEITO DO MUNIC\u00cdPIO DE UNA\u00cd, SENHOR JOS\u00c9 GOMES BRANQUINHO, INFORMAR: I \u2013 EM 2019 FOI ABERTO CONCURSO P\u00daBLICO PARA, DENTRE OUTRAS, DUAS VAGAS PARA FISCAIS SANIT\u00c1RIOS. VISTO QUE DURANTE A PANDEMIA DO COVID19 TODOS OS CONCURSOS P\u00daBLICOS FORAM CONGELADOS, QUAL A DATA FINAL DE VALIDADE DESTE CONCURSO EM QUEST\u00c3O? II \u2013 ATUALMENTE H\u00c1 UMA VAGA DE VAC\u00c2NCIA COMO FISCAL SANIT\u00c1RIO, POR QUAL MOTIVO AINDA N\u00c3O FOI PREENCHIDA? III \u2013 TEM PREVIS\u00c3O DE QUANDO SER\u00c1 PREENCHIDA A VAGA PARA FISCAL SANIT\u00c1RIO QUE EST\u00c1 DESOCUPADA?","indexacao":"","observacao":"","resultado":"","texto_original":"http://sapl.unai.mg.leg.br/media/sapl/public/materialegislativa/2022/15356/2748_-_vrp.pdf","data_ultima_atualizacao":"2023-01-24T14:05:52.724903-03:00","ip":"200.216.223.132","ultima_edicao":"2022-09-28T14:29:30.338829-03:00","tipo":11,"regime_tramitacao":1,"tipo_origem_externa":null,"local_origem_externa":null,"user":64,"anexadas":[],"autores":[165]}