{"id":14596,"__str__":"Requerimento n\u00ba 108 de 2022","link_detail_backend":"/materia/14596","metadata":{},"numero":108,"ano":2022,"numero_protocolo":null,"data_apresentacao":"2022-03-23","tipo_apresentacao":"E","data_publicacao":"2022-03-23","numero_origem_externa":"","ano_origem_externa":null,"data_origem_externa":null,"apelido":"","dias_prazo":null,"data_fim_prazo":null,"em_tramitacao":true,"polemica":false,"objeto":"","complementar":false,"ementa":"REQUER SEJA SOLICITADO AO EXCELENT\u00cdSSIMO PREFEITO DO MUNIC\u00cdPIO DE UNA\u00cd, SENHOR JOS\u00c9 GOMES BRANQUINHO, JUNTO \u00c0 SECRETARIA MUNICIPAL COMPETENTE, PROVID\u00caNCIA NO SENTIDO DE DETERMINAR O ENVIO DO PROJETO DE LEI QUE INSTITUI A SEMANA DA ORIENTA\u00c7\u00c3O PROFISSIONAL PARA O PRIMEIRO EMPREGO NAS ESCOLAS P\u00daBLICAS, NO \u00c2MBITO DO MUNIC\u00cdPIO DE UNA\u00cd, NA FORMA DA MINUTA ANEXA.","indexacao":"","observacao":"","resultado":"","texto_original":"http://sapl.unai.mg.leg.br/media/sapl/public/materialegislativa/2022/14596/454_-_vtr.pdf","data_ultima_atualizacao":"2022-06-01T10:21:29.619255-03:00","ip":"200.216.223.132","ultima_edicao":"2022-03-24T12:11:03.579908-03:00","tipo":11,"regime_tramitacao":1,"tipo_origem_externa":null,"local_origem_externa":null,"user":64,"anexadas":[],"autores":[145]}