{"id":14552,"__str__":"Recurso n\u00ba 3 de 2022","link_detail_backend":"/materia/14552","metadata":{},"numero":3,"ano":2022,"numero_protocolo":null,"data_apresentacao":"2022-03-09","tipo_apresentacao":"E","data_publicacao":"2022-03-09","numero_origem_externa":"","ano_origem_externa":null,"data_origem_externa":null,"apelido":"","dias_prazo":null,"data_fim_prazo":null,"em_tramitacao":false,"polemica":false,"objeto":"","complementar":false,"ementa":"RECURSO AO PLEN\u00c1RIO EM FACE DA DECIS\u00c3O PROFERIDA PELA COMISS\u00c3O DE CONSTITUI\u00c7\u00c3O, LEGISLA\u00c7\u00c3O, JUSTI\u00c7A, REDA\u00c7\u00c3O E DIREITOS HUMANOS, CONSUBSTANCIADA NO PARECER N.\u00ba 9/2022, QUE CONCLUIU PELA INCONSTITUCIONALIDADE DO PROJETO DE LEI N.\u00ba 111/2021.","indexacao":"","observacao":"","resultado":"","texto_original":"http://sapl.unai.mg.leg.br/media/sapl/public/materialegislativa/2022/14552/399_-_vea.pdf","data_ultima_atualizacao":"2022-03-29T16:25:54.614400-03:00","ip":"200.216.223.132","ultima_edicao":"2022-03-09T16:17:31.540058-03:00","tipo":18,"regime_tramitacao":1,"tipo_origem_externa":null,"local_origem_externa":null,"user":64,"anexadas":[],"autores":[36]}