{"id":14283,"__str__":"Requerimento n\u00ba 890 de 2021","link_detail_backend":"/materia/14283","metadata":{},"numero":890,"ano":2021,"numero_protocolo":null,"data_apresentacao":"2021-11-29","tipo_apresentacao":"E","data_publicacao":"2021-11-29","numero_origem_externa":"","ano_origem_externa":null,"data_origem_externa":null,"apelido":"","dias_prazo":null,"data_fim_prazo":null,"em_tramitacao":true,"polemica":false,"objeto":"","complementar":false,"ementa":"REQUER SEJA SOLICITADO AO EXCELENT\u00cdSSIMO PREFEITO DO MUNIC\u00cdPIO DE UNA\u00cd, SENHOR JOS\u00c9 GOMES BRANQUINHO, JUNTO \u00c0 SECRETARIA MUNICIPAL COMPETENTE, INFORMAR:\r\nI- SE OS CUIDADORES SOCIAIS QUE PRESTAM SERVI\u00c7OS NA RESID\u00caNCIA INCLUSIVA T\u00caM DIREITO A RECEBER O ADICIONAL DE INSALUBRIDADE?\r\nII- SE FOI OU AINDA SER\u00c1 REALIZADO O LAUDO DE AVALIA\u00c7\u00c3O PERICIAL PREVISTO NA LEI 2490/2007?","indexacao":"","observacao":"","resultado":"","texto_original":"http://sapl.unai.mg.leg.br/media/sapl/public/materialegislativa/2021/14283/3335_-_vrp.pdf","data_ultima_atualizacao":"2022-07-15T15:19:52.639922-03:00","ip":"200.216.223.132","ultima_edicao":"2021-11-30T15:11:52.330940-03:00","tipo":11,"regime_tramitacao":1,"tipo_origem_externa":null,"local_origem_externa":null,"user":82,"anexadas":[],"autores":[165]}