{"id":14140,"__str__":"Requerimento n\u00ba 802 de 2021","link_detail_backend":"/materia/14140","metadata":{},"numero":802,"ano":2021,"numero_protocolo":null,"data_apresentacao":"2021-10-20","tipo_apresentacao":"E","data_publicacao":"2021-10-20","numero_origem_externa":"","ano_origem_externa":null,"data_origem_externa":null,"apelido":"","dias_prazo":null,"data_fim_prazo":null,"em_tramitacao":true,"polemica":false,"objeto":"","complementar":false,"ementa":"REQUER SEJA SOLICITADO \u00c0 VOSSA EXCEL\u00caNCIA, PRESIDENTE DA C\u00c2MARA MUNICIPAL DE UNA\u00cd, VEREADOR PAULO ARARA, A CONVOCA\u00c7\u00c3O DE REUNI\u00c3O SOLENE EM HOMENAGEM AOS FUNCION\u00c1RIOS DA ASSOCIA\u00c7\u00c3O DE PAIS E AMIGOS DOS EXCEPCIONAIS - APAE - PELOS RELEVANTES SERVI\u00c7OS QUE VEM PRESTANDO EM PROL DA SA\u00daDE, DO INTERESSE HUMANIT\u00c1RIO E SOCIAL EM NOSSO MUNIC\u00cdPIO, A REALIZAR-SE NO DIA 9 DE DEZEMBRO DO CORRENTE \u00c0S 19:00 HRS.","indexacao":"","observacao":"","resultado":"","texto_original":"http://sapl.unai.mg.leg.br/media/sapl/public/materialegislativa/2021/14140/2826_-_vcc_e_outros.pdf","data_ultima_atualizacao":"2022-09-26T16:36:44.906144-03:00","ip":"200.216.223.132","ultima_edicao":"2021-10-21T16:37:00.027392-03:00","tipo":11,"regime_tramitacao":1,"tipo_origem_externa":null,"local_origem_externa":null,"user":82,"anexadas":[],"autores":[76,164,142,165,166]}