{"id":13820,"__str__":"Requerimento n\u00ba 592 de 2021","link_detail_backend":"/materia/13820","metadata":{},"numero":592,"ano":2021,"numero_protocolo":null,"data_apresentacao":"2021-08-02","tipo_apresentacao":"E","data_publicacao":null,"numero_origem_externa":"","ano_origem_externa":null,"data_origem_externa":null,"apelido":"","dias_prazo":null,"data_fim_prazo":null,"em_tramitacao":true,"polemica":false,"objeto":"","complementar":false,"ementa":"REQUER SEJA SOLICITADO AO EXCELENT\u00cdSSIMO PREFEITO DO MUNIC\u00cdPIO DE UNA\u00cd, SENHOR JOS\u00c9 GOMES BRANQUINHO, JUNTO \u00c0 SECRETARIA MUNICIPAL COMPETENTE, PROVIDENCIA NO SENTIDO DE DETERMINAR A AMPLIA\u00c7\u00c3O DA COBERTURA DA FEIRA LIVRE, LOCALIZADO ENTRE OS BAIRROS CANA\u00c3 E NOVO HORIZONTE.","indexacao":"","observacao":"","resultado":"","texto_original":"http://sapl.unai.mg.leg.br/media/sapl/public/materialegislativa/2021/13820/1956_-_vpcr.pdf","data_ultima_atualizacao":"2022-01-06T10:49:13.259462-03:00","ip":"200.216.223.132","ultima_edicao":"2021-08-03T14:26:22.645020-03:00","tipo":11,"regime_tramitacao":1,"tipo_origem_externa":null,"local_origem_externa":null,"user":82,"anexadas":[],"autores":[79]}