{"id":12443,"__str__":"Projeto de Lei Ordin\u00e1ria n\u00ba 6 de 2020","link_detail_backend":"/materia/12443","metadata":{},"numero":6,"ano":2020,"numero_protocolo":null,"data_apresentacao":"2020-02-04","tipo_apresentacao":"E","data_publicacao":"2020-02-04","numero_origem_externa":"6","ano_origem_externa":2020,"data_origem_externa":"2020-02-04","apelido":"","dias_prazo":null,"data_fim_prazo":null,"em_tramitacao":false,"polemica":null,"objeto":"","complementar":null,"ementa":"ALTERA DISPOSITIVO DA LEI N.\u00ba 3.290, DE 30 DE DEZEMBRO DE 2019, QUE \u201cDESAFETA E AFETA A FRA\u00c7\u00c3O DE IM\u00d3VEL QUE ESPECIFICA E AUTORIZA O PODER EXECUTIVO A PROMOVER A CONCESS\u00c3O DE DIREITO REAL DE USO \u00c0 ASSOCIA\u00c7\u00c3O DE PESSOAS COM DEFICI\u00caNCIA DE UNA\u00cd \u2013 APDU \u2013 E D\u00c1 OUTRAS PROVID\u00caNCIAS\u201d.","indexacao":"","observacao":"Originou a Lei n.\u00ba 3.311, de 27 de abril de 2020.","resultado":"","texto_original":"http://sapl.unai.mg.leg.br/media/sapl/public/materialegislativa/2020/12443/29_-_pl_altera_lei_n._3290.pdf","data_ultima_atualizacao":"2020-05-13T14:16:45.401401-03:00","ip":"200.216.223.132","ultima_edicao":"2020-05-13T13:55:59.075507-03:00","tipo":9,"regime_tramitacao":1,"tipo_origem_externa":9,"local_origem_externa":1,"user":69,"anexadas":[],"autores":[148]}