{"id":11912,"__str__":"Mo\u00e7\u00e3o de Congratula\u00e7\u00e3o n\u00ba 29 de 2019","link_detail_backend":"/materia/11912","metadata":{},"numero":29,"ano":2019,"numero_protocolo":null,"data_apresentacao":"2019-06-07","tipo_apresentacao":"E","data_publicacao":"2019-06-07","numero_origem_externa":"","ano_origem_externa":null,"data_origem_externa":null,"apelido":"","dias_prazo":null,"data_fim_prazo":null,"em_tramitacao":false,"polemica":null,"objeto":"","complementar":null,"ementa":"SUGERE MO\u00c7\u00c3O DE CONGRATULA\u00c7\u00c3O COM A SENHORA MARIA AGMALDA DE ASSUN\u00c7\u00c3O MONTEIRO PELOS RELEVANTES SERVI\u00c7OS QUE VEM PRESTANDO COMO ENFERMEIRA CHEFE NO PROGRAMA SA\u00daDE DA FAM\u00cdLIA NOS BAIRROS CACHOEIRA, POLIT\u00c9CNICA E PRIMAVERA DESDE 2016, SENDO 4 EQUIPES E 2 SOBRE SEU COMANDO.","indexacao":"","observacao":"","resultado":"","texto_original":"http://sapl.unai.mg.leg.br/media/sapl/public/materialegislativa/2019/11912/1051_-_vvp.pdf","data_ultima_atualizacao":"2020-05-05T15:23:40.196179-03:00","ip":"200.216.223.130","ultima_edicao":"2020-03-19T12:54:29.542797-03:00","tipo":15,"regime_tramitacao":1,"tipo_origem_externa":null,"local_origem_externa":null,"user":56,"anexadas":[],"autores":[146]}