{"id":11911,"__str__":"Mo\u00e7\u00e3o de Congratula\u00e7\u00e3o n\u00ba 28 de 2019","link_detail_backend":"/materia/11911","metadata":{},"numero":28,"ano":2019,"numero_protocolo":null,"data_apresentacao":"2019-06-07","tipo_apresentacao":"E","data_publicacao":"2019-06-07","numero_origem_externa":"","ano_origem_externa":null,"data_origem_externa":null,"apelido":"","dias_prazo":null,"data_fim_prazo":null,"em_tramitacao":false,"polemica":null,"objeto":"","complementar":null,"ementa":"SUGERE MO\u00c7\u00c3O DE CONGRATULA\u00c7\u00c3O COM A SENHORA \u00c9RICA MACHADO DA SILVA PELOS RELEVANTES SERVI\u00c7OS QUE VEM PRESTANDO COMO ENFERMEIRA CHEFE NO PROGRAMA SA\u00daDE DA FAM\u00cdLIA NOS BAIRROS CACHOEIRA, POLIT\u00c9CNICA E PRIMAVERA DESDE 2016, SENDO 4 EQUIPES E 2 SOBRE SEU COMANDO.","indexacao":"","observacao":"","resultado":"","texto_original":"http://sapl.unai.mg.leg.br/media/sapl/public/materialegislativa/2019/11911/1050_-_vvp.pdf","data_ultima_atualizacao":"2020-05-05T15:17:42.532983-03:00","ip":"200.216.223.132","ultima_edicao":"2020-05-05T14:43:23.384075-03:00","tipo":15,"regime_tramitacao":1,"tipo_origem_externa":null,"local_origem_externa":null,"user":56,"anexadas":[],"autores":[146]}