{"id":11470,"__str__":"Requerimento n\u00ba 490 de 2018","link_detail_backend":"/materia/11470","metadata":{},"numero":490,"ano":2018,"numero_protocolo":null,"data_apresentacao":"2018-10-29","tipo_apresentacao":"E","data_publicacao":"2018-10-29","numero_origem_externa":"490","ano_origem_externa":2018,"data_origem_externa":null,"apelido":"","dias_prazo":null,"data_fim_prazo":null,"em_tramitacao":false,"polemica":null,"objeto":"","complementar":null,"ementa":"Requer inser\u00e7\u00e3o em ata de manifesta\u00e7\u00e3o de pesar aos familiares da senhora Vanessa de Jesus, ocorrido no dia 25 de outubro de 2018.","indexacao":"","observacao":"","resultado":"","texto_original":null,"data_ultima_atualizacao":"2018-11-06T14:07:09.822272-02:00","ip":"","ultima_edicao":null,"tipo":11,"regime_tramitacao":1,"tipo_origem_externa":11,"local_origem_externa":null,"user":null,"anexadas":[],"autores":[146]}