{"id":10910,"__str__":"Requerimento n\u00ba 252 de 2018","link_detail_backend":"/materia/10910","metadata":{},"numero":252,"ano":2018,"numero_protocolo":null,"data_apresentacao":"2018-03-20","tipo_apresentacao":"E","data_publicacao":"2018-03-20","numero_origem_externa":"","ano_origem_externa":null,"data_origem_externa":null,"apelido":"","dias_prazo":null,"data_fim_prazo":null,"em_tramitacao":false,"polemica":null,"objeto":"","complementar":null,"ementa":"REQUER SEJA SOLICITADO AO EXCELENT\u00cdSSIMO PREFEITO DO MUNIC\u00cdPIO DE UNA\u00cd, SENHOR JOS\u00c9 GOMES BRANQUINHO, JUNTO \u00c0 SECRETARIA MUNICIPAL COMPETENTE, PROVID\u00caNCIA NO SENTIDO DE DETERMINAR A REALIZA\u00c7\u00c3O ANUAL DA AVALIA\u00c7\u00c3O OFTALMOL\u00d3GICA E AUDITIVA NOS ALUNOS DE TODAS AS ESCOLAS E CRECHES MUNICIPAIS, NESTE MUN\u00cdCIPIO.","indexacao":"","observacao":"","resultado":"","texto_original":"http://sapl.unai.mg.leg.br/media/sapl/public/materialegislativa/2018/10910/10910_texto_integral.pdf","data_ultima_atualizacao":"2019-03-26T13:32:06.785132-03:00","ip":"","ultima_edicao":null,"tipo":11,"regime_tramitacao":1,"tipo_origem_externa":null,"local_origem_externa":null,"user":null,"anexadas":[],"autores":[145]}