{"id":10881,"__str__":"Requerimento n\u00ba 237 de 2018","link_detail_backend":"/materia/10881","metadata":{},"numero":237,"ano":2018,"numero_protocolo":null,"data_apresentacao":"2018-03-07","tipo_apresentacao":"E","data_publicacao":"2018-03-07","numero_origem_externa":"","ano_origem_externa":null,"data_origem_externa":null,"apelido":"","dias_prazo":null,"data_fim_prazo":null,"em_tramitacao":false,"polemica":null,"objeto":"","complementar":null,"ementa":"REQUER SEJA SOLICITADO AO EXCELENT\u00cdSSIMO PREFEITO DO MUNIC\u00cdPIO DE UNA\u00cd, SENHOR JOS\u00c9 GOMES BRANQUINHO, JUNTO \u00c0 SECRETARIA MUNICIPAL COMPETENTE, PROVID\u00caNCIA NO SENTIDO DE DETERMINAR CRIA\u00c7\u00c3O DE UMA VAGA DE ESTACIONAMENTO PARA AS PESSOAS PORTADORAS DE NECESSIDADES ESPECIAIS, BEM COMO INSTALA\u00c7\u00c3O DE PLACA INDICATIVA DA REFERIDA VAGA, EM FRENTE AO CENTRO DE SA\u00daDE POLICL\u00cdNICA, NESTE MUNIC\u00cdPIO, EM CUMPRIMENTO AO DISPOSTO NO ARTIGO 38 DA LEI N.\u00ba 2107 DE 24 DE MAR\u00c7O DE 2003.","indexacao":"","observacao":"","resultado":"","texto_original":"http://sapl.unai.mg.leg.br/media/sapl/public/materialegislativa/2018/10881/10881_texto_integral.pdf","data_ultima_atualizacao":"2019-03-26T13:29:29.044054-03:00","ip":"","ultima_edicao":null,"tipo":11,"regime_tramitacao":1,"tipo_origem_externa":null,"local_origem_externa":null,"user":null,"anexadas":[],"autores":[145]}