{"id":10224,"__str__":"Recurso n\u00ba 2 de 2017","link_detail_backend":"/materia/10224","metadata":{},"numero":2,"ano":2017,"numero_protocolo":null,"data_apresentacao":"2017-05-24","tipo_apresentacao":"E","data_publicacao":"2017-05-24","numero_origem_externa":"","ano_origem_externa":null,"data_origem_externa":null,"apelido":"","dias_prazo":null,"data_fim_prazo":null,"em_tramitacao":false,"polemica":null,"objeto":"","complementar":null,"ementa":"RECURSO AO PLEN\u00c1RIO EM FACE DA R. DECIS\u00c3O DA COMISS\u00c3O DE CONSTITUI\u00c7\u00c3O, LEGISLA\u00c7\u00c3O, JUSTI\u00c7A E DIREITOS HUMANOS, CONSUBSTANCIADA NO PARECER N.\u00ba 75/2017, QUE CONCLUIU PELA  REPROVA\u00c7\u00c3O DO PROJETO DE LEI N.\u00ba 37/2017, QUE DISP\u00d5E SOBRE A OBRIGATORIEDADE DE RESERVA DE MESAS E CADEIRAS PARA IDOSOS, GESTANTES E PESSOAS COM MOBILIDADE REDUZIDA NOS RESTAURANTES, LANCHONETES E OUTROS ESTABELECIMENTOS DO SETOR GASTRON\u00d4MICO.","indexacao":"","observacao":"","resultado":"","texto_original":"http://sapl.unai.mg.leg.br/media/sapl/public/materialegislativa/2017/10224/10224_texto_integral.pdf","data_ultima_atualizacao":"2019-03-26T18:54:25.883057-03:00","ip":"","ultima_edicao":null,"tipo":18,"regime_tramitacao":1,"tipo_origem_externa":null,"local_origem_externa":null,"user":null,"anexadas":[],"autores":[74]}