{"id":26063,"__str__":"Of\u00edcio - 123/2019 de 24/06/2019 por Lucas Francisco Rom\u00e3o e Silva","link_detail_backend":"/materia/documentoacessorio/26063","metadata":{},"nome":"123/2019","data":"2019-06-24","autor":"Lucas Francisco Rom\u00e3o e Silva","ementa":"Of\u00edcio n.\u00ba 123/2019, Minist\u00e9rio P\u00fablico do Estado de Minas Gerais, comunica a instaura\u00e7\u00e3o de Not\u00edcia de Fato n.\u00ba MPMG0704.19.000370-4 relativa ao Of\u00edcio n.\u00ba 45/Gabinete da Presid\u00eancia e presta esclarecimentos.","indexacao":"","arquivo":"http://sapl.unai.mg.leg.br/media/sapl/public/documentoacessorio/2019/26063/anexo_pl_33_-_2019_-_oficio_123_-_ministerio_publico_mg.pdf","data_ultima_atualizacao":"2019-07-30T13:23:13.968865-03:00","materia":11808,"tipo":10}