{"id":25493,"__str__":"Of\u00edcio - 01/2019 de 26/03/2019 por Geraldo Ara\u00fajo Mesquita","link_detail_backend":"/materia/documentoacessorio/25493","metadata":{},"nome":"01/2019","data":"2019-03-26","autor":"Geraldo Ara\u00fajo Mesquita","ementa":"Of\u00edcio n.\u00ba 01/2019, de 27/3/2019, encaminha documentos para instru\u00e7\u00e3o da Peti\u00e7\u00e3o n.\u00ba 1/2019.","indexacao":"","arquivo":"http://sapl.unai.mg.leg.br/media/sapl/public/documentoacessorio/2019/25493/fls__12__a__93.pdf","data_ultima_atualizacao":"2019-04-11T13:36:15.104831-03:00","materia":11699,"tipo":10}