{"id":20333,"__str__":"Of\u00edcio - 48/Sacom de 25/09/2017 por Vereador Eug\u00eanio Ferreira","link_detail_backend":"/materia/documentoacessorio/20333","metadata":{},"nome":"48/Sacom","data":"2017-09-25","autor":"Vereador Eug\u00eanio Ferreira","ementa":"OF\u00cdCIO N.\u00ba 48/SACOM, DE 25/9/2017, ENCAMINHADO AO PREFEITO JOS\u00c9 GOMES BRANQUINHO, INFORMA SOBRE A CONVERS\u00c3O EM DILIG\u00caNCIA DO PROJETO DE LEI N.\u00ba 72/2017 E SOLICITA ENVIO DE INFORMA\u00c7\u00d5ES E DOCUMENTOS PARA INSTRU\u00c7\u00c3O DA MAT\u00c9RIA.","indexacao":"","arquivo":"http://sapl.unai.mg.leg.br/media/sapl/public/documentoacessorio/2017/20333/20333.pdf","data_ultima_atualizacao":"2018-10-11T12:46:04.007706-03:00","materia":10396,"tipo":10}