{"id":18359,"__str__":"Anexo - Apela\u00e7\u00e3o C\u00edvel de 21/03/2017 por CCLJRDH","link_detail_backend":"/materia/documentoacessorio/18359","metadata":{},"nome":"Apela\u00e7\u00e3o C\u00edvel","data":"2017-03-21","autor":"CCLJRDH","ementa":"APELA\u00c7\u00c3O CIVEL N.\u00ba 1.0313.07.237583-2/002, PARTE INTEGRANTE DO PARECER N.\u00ba 27/2017, APRESENTADO PELA COMISS\u00c3O DE CONSTITUI\u00c7\u00c3O, LEGISLA\u00c7\u00c3O, JUSTI\u00c7A, REDA\u00c7\u00c3O E DIREITOS HUMANOS COM RELATORIA DO VEREADOR PROFESSOR DIEGO.","indexacao":"","arquivo":"http://sapl.unai.mg.leg.br/media/sapl/public/documentoacessorio/2017/18359/18359.pdf","data_ultima_atualizacao":"2018-10-11T12:46:23.552424-03:00","materia":9858,"tipo":11}